{"id":1063,"date":"2012-07-17T19:13:40","date_gmt":"2012-07-17T18:13:40","guid":{"rendered":"http:\/\/blog.webtenerife.de\/?p=1063"},"modified":"2012-08-14T12:16:41","modified_gmt":"2012-08-14T11:16:41","slug":"urlaubsorte-an-der-kuste-von-teneriffa-sud-sind-von-dem-brand-nicht-betroffen","status":"publish","type":"post","link":"https:\/\/www.webtenerife.de\/dasblog\/2012\/07\/urlaubsorte-an-der-kuste-von-teneriffa-sud-sind-von-dem-brand-nicht-betroffen\/","title":{"rendered":"Urlaubsorte an der K\u00fcste von Teneriffa S\u00fcd sind von dem Brand nicht betroffen"},"content":{"rendered":"<p><a href=\"http:\/\/www.webtenerife.de\/dasblog\/wp-content\/uploads\/2012\/07\/Tenerife-fire-map.jpg\"><img fetchpriority=\"high\" decoding=\"async\" class=\"aligncenter size-medium wp-image-1064\" title=\"Tenerife-fire-map\" src=\"http:\/\/www.webtenerife.de\/dasblog\/wp-content\/uploads\/2012\/07\/Tenerife-fire-map-300x194.jpg\" alt=\"\" width=\"300\" height=\"194\" srcset=\"https:\/\/www.webtenerife.de\/dasblog\/wp-content\/uploads\/2012\/07\/Tenerife-fire-map-300x194.jpg 300w, https:\/\/www.webtenerife.de\/dasblog\/wp-content\/uploads\/2012\/07\/Tenerife-fire-map-690x446.jpg 690w, https:\/\/www.webtenerife.de\/dasblog\/wp-content\/uploads\/2012\/07\/Tenerife-fire-map.jpg 1068w\" sizes=\"(max-width: 300px) 100vw, 300px\" \/><\/a><\/p>\n<p>&nbsp;<\/p>\n<p>&nbsp;<\/p>\n<p>Der Brand begann in dem Gebirge der Gemeinde Adeje, im Bereich von Ifonche.<\/p>\n<p>Die Feuerwehr, welche ununterbrochen k\u00e4mpft um den Gro\u00dfbrand in dem Gebirge von Teneriffa S\u00fcd unter Kontrolle zu bekommen, wird von drei Wasserflugzeugen von dem Spanischen Umwelt-Ministerium unterst\u00fctzt. Seit 11 Uhr morgens arbeiten diese drei Flugzeuge in dem Bereich von der Guayero Schlucht (Guia de Isora), auf der rechten Flanke, um die Ausbreitung von dem Feuer auf die Gemeinde Vilaflor zu vermeiden. Insgesamt befinden sich jetzt sieben Flugger\u00e4te im Einsatz (Wasserflugzeuge und Hubschrauber) sowie 500 Feuerwehrm\u00e4nner welche eingesetzt wurden um das Feuer zu l\u00f6schen.<\/p>\n<p>Der Pr\u00e4sident der Regierung von Teneriffa, Ricardo Melchior, gab diesen Nachmittag eine Pressekonferenz um \u00fcber Neuigkeiten zu informieren. Das Feuer deckt ca. 2000 Hektar in dem Gebirgen, aber die K\u00fcsten sind davon nicht betroffen.<\/p>\n<p>&nbsp;<\/p>\n<p><strong>Aus Sicherheitsgr\u00fcnden, und da auch alle Zufahrtsstra\u00dfen geschlossen sind, wird Besuchern sowie auch Residenten geraten nicht zu versuchen den Teide Nationalpark bis auf weiteres zu besuchen.<\/strong><\/p>\n<p>Die Landesbeh\u00f6rden haben eine Sperre erhoben welche den Zugang zu dem Aktivit\u00e4ten und Freizeit-Bereichen in den Bergen, sowie auch das Fahren auf Waldstrassen verbietet, um somit weitere Feuerausbr\u00fcche zu vermeiden. Des weiteren wurden mehrere Strassen geschlossen um den Transit von Feuerwehrwagen und dem Notfall-Service zu vereinfachen.<\/p>\n<p>&nbsp;<\/p>\n<p><strong>Die geschlossenen Strassen sind:<\/strong><\/p>\n<ul>\n<li>TF 38 (km 22) bis zum Restaurant &#8222;La Estrella&#8220;,<\/li>\n<li>TF 21 an Kilometer 67 (Vilaflor) und Kilometer 47 (Parador Nacional),<\/li>\n<li>TF- 583, in Taucho,<\/li>\n<li>TF-585 TF in Tijoco Alto und<\/li>\n<li>TF-567 an Kilometer 0, zu Ifonche.<\/li>\n<\/ul>\n<p><strong>Abgesehen von diesen Sperren k\u00f6nnen sich die Besucher auf der Insel frei bewegen<\/strong>. Der S\u00fcd und auch Nord Flughafen funktionieren beide mit Normalit\u00e4t.<\/p>\n<p>&nbsp;<\/p>\n<p>Weitere Information finden Sie auf www.diariodetenerife.info<\/p>\n<p>&nbsp;<\/p>\n<p>Auf dem Bild k\u00f6nnen Sie den Brand sehen<\/p>\n","protected":false},"excerpt":{"rendered":"<p>&nbsp; &nbsp; Der Brand begann in dem Gebirge der Gemeinde Adeje, im Bereich von Ifonche. Die Feuerwehr, welche ununterbrochen k\u00e4mpft um den Gro\u00dfbrand in dem Gebirge von Teneriffa S\u00fcd unter Kontrolle zu bekommen, wird von drei Wasserflugzeugen von dem Spanischen Umwelt-Ministerium unterst\u00fctzt. Seit 11 Uhr morgens arbeiten diese drei Flugzeuge [&hellip;]<\/p>\n","protected":false},"author":5,"featured_media":0,"comment_status":"open","ping_status":"open","sticky":false,"template":"","format":"standard","meta":{"footnotes":""},"categories":[7,1],"tags":[231,229],"class_list":["post-1063","post","type-post","status-publish","format-standard","hentry","category-natur","category-verschiedenes","tag-grosbrand-von-teneriffa","tag-teneriffa"],"_links":{"self":[{"href":"https:\/\/www.webtenerife.de\/dasblog\/wp-json\/wp\/v2\/posts\/1063","targetHints":{"allow":["GET"]}}],"collection":[{"href":"https:\/\/www.webtenerife.de\/dasblog\/wp-json\/wp\/v2\/posts"}],"about":[{"href":"https:\/\/www.webtenerife.de\/dasblog\/wp-json\/wp\/v2\/types\/post"}],"author":[{"embeddable":true,"href":"https:\/\/www.webtenerife.de\/dasblog\/wp-json\/wp\/v2\/users\/5"}],"replies":[{"embeddable":true,"href":"https:\/\/www.webtenerife.de\/dasblog\/wp-json\/wp\/v2\/comments?post=1063"}],"version-history":[{"count":4,"href":"https:\/\/www.webtenerife.de\/dasblog\/wp-json\/wp\/v2\/posts\/1063\/revisions"}],"predecessor-version":[{"id":1108,"href":"https:\/\/www.webtenerife.de\/dasblog\/wp-json\/wp\/v2\/posts\/1063\/revisions\/1108"}],"wp:attachment":[{"href":"https:\/\/www.webtenerife.de\/dasblog\/wp-json\/wp\/v2\/media?parent=1063"}],"wp:term":[{"taxonomy":"category","embeddable":true,"href":"https:\/\/www.webtenerife.de\/dasblog\/wp-json\/wp\/v2\/categories?post=1063"},{"taxonomy":"post_tag","embeddable":true,"href":"https:\/\/www.webtenerife.de\/dasblog\/wp-json\/wp\/v2\/tags?post=1063"}],"curies":[{"name":"wp","href":"https:\/\/api.w.org\/{rel}","templated":true}]}}