{"id":1049,"date":"2012-07-19T22:38:35","date_gmt":"2012-07-19T21:38:35","guid":{"rendered":"http:\/\/blog.webtenerife.de\/?p=1049"},"modified":"2012-07-20T11:38:00","modified_gmt":"2012-07-20T10:38:00","slug":"teneriffa-grosbrand-letzte-neuigkeiten-von-donnerstag-2","status":"publish","type":"post","link":"https:\/\/www.webtenerife.de\/dasblog\/2012\/07\/teneriffa-grosbrand-letzte-neuigkeiten-von-donnerstag-2\/","title":{"rendered":"Teneriffa Gro\u00dfbrand &#8211; Letzte Neuigkeiten von Donnerstag"},"content":{"rendered":"<p><a href=\"http:\/\/www.webtenerife.de\/dasblog\/2012\/07\/teneriffa-grosbrand-letzte-neuigkeiten-von-donnerstag-2\/teneriffa-brand\/\" rel=\"attachment wp-att-1078\"><img fetchpriority=\"high\" decoding=\"async\" class=\"aligncenter size-large wp-image-1078\" title=\"Teneriffa-brand\" src=\"http:\/\/www.webtenerife.de\/dasblog\/wp-content\/uploads\/2012\/07\/Teneriffa-brand-690x386.jpg\" alt=\"\" width=\"690\" height=\"386\" srcset=\"https:\/\/www.webtenerife.de\/dasblog\/wp-content\/uploads\/2012\/07\/Teneriffa-brand-690x386.jpg 690w, https:\/\/www.webtenerife.de\/dasblog\/wp-content\/uploads\/2012\/07\/Teneriffa-brand-300x168.jpg 300w, https:\/\/www.webtenerife.de\/dasblog\/wp-content\/uploads\/2012\/07\/Teneriffa-brand.jpg 960w\" sizes=\"(max-width: 690px) 100vw, 690px\" \/><\/a><\/p>\n<p>Zus\u00e4tzlich zu der Pressekonferenz die heute stattgefunden hat, wurde des weiteren auch bekannt gegeben dass es in Bezug auf der Entwicklung von dem <strong>Gro\u00dfbrand auf Teneriffa<\/strong> auch positive Nachrichten gibt.<br \/>\nDie Entwicklung des Feuers, welches am letzten Sonntag (15. Juli) in Ifonche (Adeje) ausgebrochen ist, verl\u00e4uft wie erwartet, mit einem abgesicherten Perimeter, ausschliesslich der Westseite, welches von dem Boden sowie auch aus der Luft angegriffen wird laut dem Sicherheits Minister des Stadtrates, Jose Antonio Valbuena.<\/p>\n<p>Herr Valbuena gab an der Pressekonferenz, welche diesen Nachmittag (19. Juli) in dem Hauptsitz von CECOPIN in Santa Cruz statt fand, bekannt dass die Feuerbek\u00e4mpfter weitere hei\u00dfe Stellen in dem Perimeter abk\u00fchlen. An der S\u00fcdlichen Front bedeutet der vorhandene Rauch nicht die M\u00f6glichkeit dass das Feuer von neuem ausbricht, somit k\u00f6nnen die Einwohner von Vilaflor, Ifonche und auch Tijoco Alto sowie in Adeje zu Ihren Wohnungen zur\u00fcckkehren, wenn auch besonders auf Personen mit Atemproblemen geachtet werden muss.<br \/>\nValbuena f\u00fcgt des weiteren hinzu das Schwere Ger\u00e4te an gewissen Stellen bereits entfernt wurden, da diese nicht weiter gebraucht werden, und das in diesem Moment Fortschritte der Wiederherstellung der Wasserversorgung von Vilaflor gemacht werden.<\/p>\n<p>Humberto Gutierrez, Leiter von den Kanarischen Zivilschutz Amt, teilt mit &#8222;das heute das Perimeter gleich wie gestern ist, abgesehen von dem Westen. Das Feuer wurde eingegrenzt und ist stabil, auch die Wettervorhersage ist positiv und starker Wind wurde nicht hervorgesagt&#8220;<br \/>\nSobald Personen sowie auch Grundst\u00fccke und Eigent\u00fcmer sicher sind, werden unsere gesamten Kr\u00e4fte auf den Schutz der Umwelt eingesetzt. Diesen Morgen wurden Helikopter in angegriffenen Schluchten der Westfront eingesetzt. Die Vegetation an dieser Stelle besteht aus einem offenen Kiefernwald und erlaubt somit der Bodenmannschaft sicher zu arbeiten mit der Unterst\u00fctzung aus der Luft&#8220;<\/p>\n<p>Der Aktive Teil des Brandes kommt sehr langsam voran und mit guten Konditionen f\u00fcr die L\u00f6schung. Im selben Moment, befinden sich Brigaden an hei\u00dfen Stellen, um diese weiter abzuk\u00fchlen und so zu vermeiden dass das Feuer von neuem entfacht, sowie auch im ganzen Perimeter verteilt. Die Prognose der n\u00e4chsten Stunden ist dass das Feuer an den Flanken und Enden sich nicht weiter entwickelt. Sollte die L\u00f6schung der Flammen die im westlichen Bereich fortschreiten fehlschlagen, wird der Brand letztendlich an dem Lava Hang sterben, sowie vorgesehen. &#8222;Da es immer noch Stellen gibt an dem das Feuer aktiv ist, k\u00f6nnen wir noch nicht sagen dass der Brand unter Kontrolle ist&#8220; so Gutierrez.<br \/>\nIn Bezug auf Strassensperrungen<\/p>\n<p><strong>Die einzigen Strassen die noch gesperrt sind sind folgende<\/strong>:<\/p>\n<ul>\n<li>\u00a0\u00a0\u00a0\u00a0\u00a0\u00a0\u00a0\u00a0TF-38 (Chio-Boca Tauce, km 22) und<\/li>\n<li>\u00a0\u00a0\u00a0\u00a0\u00a0\u00a0\u00a0\u00a0TF-21 (Vilaflor-Boca Tauce, ab kilometre 47 und 67).<\/li>\n<\/ul>\n<p>Diese Strassen werden noch mehrere Tage gesperrt bleiben um \u00a0so die L\u00f6schungsarbeiten zu vereinfachen. Letztendlich wurde auch die verantwortlichen Stromleitung f\u00fcr die Versorgung von Vilaflor und Escalona wieder hergestellt.<br \/>\nDie n\u00e4chste Pressekonferenz wird morgen fr\u00fch statt finden.<\/p>\n","protected":false},"excerpt":{"rendered":"<p>Zus\u00e4tzlich zu der Pressekonferenz die heute stattgefunden hat, wurde des weiteren auch bekannt gegeben dass es in Bezug auf der Entwicklung von dem Gro\u00dfbrand auf Teneriffa auch positive Nachrichten gibt. Die Entwicklung des Feuers, welches am letzten Sonntag (15. Juli) in Ifonche (Adeje) ausgebrochen ist, verl\u00e4uft wie erwartet, mit einem [&hellip;]<\/p>\n","protected":false},"author":5,"featured_media":0,"comment_status":"open","ping_status":"open","sticky":false,"template":"","format":"standard","meta":{"footnotes":""},"categories":[44,1],"tags":[230],"class_list":["post-1049","post","type-post","status-publish","format-standard","hentry","category-neuigkeiten","category-verschiedenes","tag-teneriffa-brand"],"_links":{"self":[{"href":"https:\/\/www.webtenerife.de\/dasblog\/wp-json\/wp\/v2\/posts\/1049","targetHints":{"allow":["GET"]}}],"collection":[{"href":"https:\/\/www.webtenerife.de\/dasblog\/wp-json\/wp\/v2\/posts"}],"about":[{"href":"https:\/\/www.webtenerife.de\/dasblog\/wp-json\/wp\/v2\/types\/post"}],"author":[{"embeddable":true,"href":"https:\/\/www.webtenerife.de\/dasblog\/wp-json\/wp\/v2\/users\/5"}],"replies":[{"embeddable":true,"href":"https:\/\/www.webtenerife.de\/dasblog\/wp-json\/wp\/v2\/comments?post=1049"}],"version-history":[{"count":5,"href":"https:\/\/www.webtenerife.de\/dasblog\/wp-json\/wp\/v2\/posts\/1049\/revisions"}],"predecessor-version":[{"id":1079,"href":"https:\/\/www.webtenerife.de\/dasblog\/wp-json\/wp\/v2\/posts\/1049\/revisions\/1079"}],"wp:attachment":[{"href":"https:\/\/www.webtenerife.de\/dasblog\/wp-json\/wp\/v2\/media?parent=1049"}],"wp:term":[{"taxonomy":"category","embeddable":true,"href":"https:\/\/www.webtenerife.de\/dasblog\/wp-json\/wp\/v2\/categories?post=1049"},{"taxonomy":"post_tag","embeddable":true,"href":"https:\/\/www.webtenerife.de\/dasblog\/wp-json\/wp\/v2\/tags?post=1049"}],"curies":[{"name":"wp","href":"https:\/\/api.w.org\/{rel}","templated":true}]}}