{"id":1042,"date":"2012-07-02T13:13:40","date_gmt":"2012-07-02T12:13:40","guid":{"rendered":"http:\/\/blog.webtenerife.de\/?p=1042"},"modified":"2012-08-17T19:18:50","modified_gmt":"2012-08-17T18:18:50","slug":"hotel-jardines-de-nivaria-rezepte-mit-pilzen-von-restaurant-la-cupula","status":"publish","type":"post","link":"https:\/\/www.webtenerife.de\/dasblog\/2012\/07\/hotel-jardines-de-nivaria-rezepte-mit-pilzen-von-restaurant-la-cupula\/","title":{"rendered":"Hotel Jardines de Nivaria &#8211; Rezepte mit Pilzen  von Restaurant La C\u00fapula"},"content":{"rendered":"<p>Magst du gerne Pilze? Wenn es so ist hast du Gl\u00fcck.<\/p>\n<p>Das Restaurant La C\u00fapula von dem<a title=\"Teneriffa Hotel Jardines del Nivaria\" href=\"http:\/\/www.webtenerife.de\/unterkunfte\/hotels\/hotel+jardines+de+nivaria.htm\" target=\"_blank\"> Hotel Jardines de Nivaria<\/a>, welches sich \u00a0im S\u00fcden von Teneriffa befindet, bietet uns ein spezielles Pilz-Men\u00fc an das wir \u00a0bis zum 5. Mai zu einem Preis von nur 40 \u20ac pro Person genie\u00dfen k\u00f6nnen.<\/p>\n<p><strong>Hotel Jardines de Nivaria &#8211; Restaurant La C\u00fapula<\/strong><\/p>\n<p><strong><\/strong><a href=\"http:\/\/www.webtenerife.de\/dasblog\/wp-content\/uploads\/2012\/07\/Jardines-de-Nivaria-Restaurante-La-cupula.jpg\"><img fetchpriority=\"high\" decoding=\"async\" class=\"aligncenter size-medium wp-image-1043\" title=\"Jardines de Nivaria Restaurante La cupula\" src=\"http:\/\/www.webtenerife.de\/dasblog\/wp-content\/uploads\/2012\/07\/Jardines-de-Nivaria-Restaurante-La-cupula-300x200.jpg\" alt=\"Jardines de Nivaria Restaurante La cupula\" width=\"300\" height=\"200\" srcset=\"https:\/\/www.webtenerife.de\/dasblog\/wp-content\/uploads\/2012\/07\/Jardines-de-Nivaria-Restaurante-La-cupula-300x200.jpg 300w, https:\/\/www.webtenerife.de\/dasblog\/wp-content\/uploads\/2012\/07\/Jardines-de-Nivaria-Restaurante-La-cupula.jpg 640w\" sizes=\"(max-width: 300px) 100vw, 300px\" \/><\/a><\/p>\n<p>Klingt verlockend, oder?<\/p>\n<p>Ich habe diese Gelegenheit genutzt und \u00a0das Rezept von einem Gericht des Men\u00fcs bekommen und teile es mit euch:<\/p>\n<p><strong>Rezept mit Pilzen<\/strong>:<\/p>\n<p>Morchel &#8211; Carpaccio mit Tomaten und Fenchelsamen begleitet mit Senfeis im eigenem Garten<\/p>\n<p><strong>Zutaten (f\u00fcr 6 Personen):<\/strong><br \/>\n\u2022 240g Morcheln<br \/>\n\u2022 33g Fenchelsamen<br \/>\n\u2022 35g Senfsamen<br \/>\n\u2022 50g Tomaten<br \/>\n\u2022 15g Zucker<br \/>\n\u2022 30g Sahne<br \/>\n\u2022 19ml Glucose<br \/>\n\u2022 12ml Invertzucker<br \/>\n\u2022 6g Salbei<br \/>\n\u2022 Basilikum Bl\u00e4tter<br \/>\n\u2022 40g Eiskraut<br \/>\n\u2022 4g Zitrone<br \/>\n\u2022 10ml Oliven\u00f6l<br \/>\n\u2022 Zarter Knoblauch<\/p>\n<p>Rezept mit Pilzen von <strong>Restaurant La C\u00fapula<\/strong><\/p>\n<p><strong>Zubereitung von dem Pilzgericht:<\/strong><\/p>\n<ol>\n<li>Wir s\u00e4ubern die Morcheln mit einem Pilzen um Unreinheiten zu beseitigen.<\/li>\n<li>Wir bereiten das Eis in der Paco Jet zu (mit dem Senf, Glucose und dem Invertzucker)<\/li>\n<li>Wir nehmen die Morcheln und kandieren sie in \u00d6l mit dem Zarten Knoblauch 30 Minuten auf 68 Grad.<\/li>\n<li>Wir pochieren die Tomaten und schneiden sie in perfekte Quadrate, und hacken den Fenchel in Faser und mischen es mit ein bisschen \u00d6l.<\/li>\n<\/ol>\n<p>Verzierung und Zubereitung von dem Gericht auf dem Teller<\/p>\n<p>Wir legen die Morcheln eine nach der anderen in einem Kreis und f\u00fcgen dann die restlichen Zutaten hinzu: das Senfeis mit den Kr\u00e4utern (Eiskraut, Salbei und Veilchen), zum Schluss die Tomaten mit einer Prise Salz. Fertig.<\/p>\n<p>F\u00fcr diejenigen die das Pilz- Men\u00fc lieber im Restaurant probieren m\u00f6chten findet ihr hier die Kontaktdaten:<\/p>\n<p><strong>Hotel Jardines de Nivaria<\/strong><br \/>\nRestaurant La C\u00fapula<br \/>\nC\/Par\u00eds s\/n 38660 Costa Adeje<br \/>\n<strong>\u00d6ffnungszeiten<\/strong>: 19.00 \u2013 23.00 Uhr ( Sonntags geschlossen)<br \/>\n<strong>Reservierung:<\/strong> 922 713333<\/p>\n<p>Ihr findet sie auch in Facebook und Twitter <strong>@adrianhoteles<\/strong><\/p>\n<p>Genie\u00dft das Gericht oder Restaurant!<\/p>\n","protected":false},"excerpt":{"rendered":"<p>Magst du gerne Pilze? Wenn es so ist hast du Gl\u00fcck. Das Restaurant La C\u00fapula von dem Hotel Jardines de Nivaria, welches sich \u00a0im S\u00fcden von Teneriffa befindet, bietet uns ein spezielles Pilz-Men\u00fc an das wir \u00a0bis zum 5. Mai zu einem Preis von nur 40 \u20ac pro Person genie\u00dfen [&hellip;]<\/p>\n","protected":false},"author":5,"featured_media":0,"comment_status":"open","ping_status":"open","sticky":false,"template":"","format":"standard","meta":{"footnotes":""},"categories":[57,63,1],"tags":[244,205,247,246,245],"class_list":["post-1042","post","type-post","status-publish","format-standard","hentry","category-gastronomie","category-hotels","category-verschiedenes","tag-costa-adeje","tag-hotel-jardines-de-nivaria","tag-hotels-teneriffa","tag-restaurants-teneriffa","tag-rezepte"],"_links":{"self":[{"href":"https:\/\/www.webtenerife.de\/dasblog\/wp-json\/wp\/v2\/posts\/1042","targetHints":{"allow":["GET"]}}],"collection":[{"href":"https:\/\/www.webtenerife.de\/dasblog\/wp-json\/wp\/v2\/posts"}],"about":[{"href":"https:\/\/www.webtenerife.de\/dasblog\/wp-json\/wp\/v2\/types\/post"}],"author":[{"embeddable":true,"href":"https:\/\/www.webtenerife.de\/dasblog\/wp-json\/wp\/v2\/users\/5"}],"replies":[{"embeddable":true,"href":"https:\/\/www.webtenerife.de\/dasblog\/wp-json\/wp\/v2\/comments?post=1042"}],"version-history":[{"count":5,"href":"https:\/\/www.webtenerife.de\/dasblog\/wp-json\/wp\/v2\/posts\/1042\/revisions"}],"predecessor-version":[{"id":1153,"href":"https:\/\/www.webtenerife.de\/dasblog\/wp-json\/wp\/v2\/posts\/1042\/revisions\/1153"}],"wp:attachment":[{"href":"https:\/\/www.webtenerife.de\/dasblog\/wp-json\/wp\/v2\/media?parent=1042"}],"wp:term":[{"taxonomy":"category","embeddable":true,"href":"https:\/\/www.webtenerife.de\/dasblog\/wp-json\/wp\/v2\/categories?post=1042"},{"taxonomy":"post_tag","embeddable":true,"href":"https:\/\/www.webtenerife.de\/dasblog\/wp-json\/wp\/v2\/tags?post=1042"}],"curies":[{"name":"wp","href":"https:\/\/api.w.org\/{rel}","templated":true}]}}