{"id":1023,"date":"2012-07-02T12:50:50","date_gmt":"2012-07-02T11:50:50","guid":{"rendered":"http:\/\/blog.webtenerife.de\/?p=1023"},"modified":"2012-08-17T19:20:33","modified_gmt":"2012-08-17T18:20:33","slug":"teneriffa-exklusiv-faszinierende-orte","status":"publish","type":"post","link":"https:\/\/www.webtenerife.de\/dasblog\/2012\/07\/teneriffa-exklusiv-faszinierende-orte\/","title":{"rendered":"Teneriffa Exklusiv \u2013 Faszinierende Orte"},"content":{"rendered":"<p style=\"text-align: left;\">Ein Moment, eine Caprice, ein Exzess, ein spezieller Moment, ein wichtiges Date \u2026 alles dieses verdient einen angebrachten Ort.<\/p>\n<p>Wenn du die Gute K\u00fcche magst, einen exzellenten Service und einen besonderen Ort suchst dann solltest du diese Liste auf jeden Fall zur Hand haben:<\/p>\n<p><strong>Iberostar Gran Hotel Mencey \u00a0&#8211; Santa Cruz de Tenerife<\/strong><\/p>\n<p>Das Hotel schlechthin in Santa Cruz, der Hauptstadt von Teneriffa, bietet uns ein frisches und modernes Ambiente nach der vor kurzem durchgef\u00fchrten Neu-Er\u00f6ffnung.<\/p>\n<p><strong><a title=\"Hotel Mencey\" href=\"http:\/\/www.webtenerife.de\/tenerifecb\/tagungsorte\/hotels\/iberostar-city-hotel-mencey.htm\" target=\"_blank\">El Mencey<\/a><\/strong> ist ein Stadthotel, sehr Sozial und von einer hohen Kategorie. Das Hotel wird von einer seiner Barmans als \u201cVielseitig\u201d beschrieben. Hotel Mencey ist der perfekte Ort um ein Jubil\u00e4um zu feiern oder auch um einen entspannten Tag im \u201cSex in New York\u201d Style<br \/>\nzu verbringen.<\/p>\n<p>Es ist des weiterem der perfekte Ort um ein Drink zu nehmen, mit einer wunderbaren Karte die 45 verschiedene Gin-Tonics enth\u00e4lt aus eigener Kreation oder auch ein Men\u00fc mit Kostproben zu probieren, wo die Kanarische Gastronomie neu erfunden wird ohne das die Tradition der Gerichte beeintr\u00e4chtigt wird.<\/p>\n<p>Vorspeise von dem Kosteproben-Men\u00fc Iberostar Gran Hotel Mencey<\/p>\n<p>Iberostar Gran Hotel Mencey \u2013 Kostproben-Men\u00fc<\/p>\n<p><strong>Reservierung:<\/strong> hotel.mencey@iberostar.com<\/p>\n<figure id=\"attachment_1024\" aria-describedby=\"caption-attachment-1024\" style=\"width: 300px\" class=\"wp-caption aligncenter\"><a href=\"http:\/\/www.webtenerife.de\/dasblog\/wp-content\/uploads\/2012\/07\/restaurante-gran-hotel-Mencey.jpg\"><img fetchpriority=\"high\" decoding=\"async\" class=\"size-medium wp-image-1024\" title=\"gran-hotel-Mencey\" src=\"http:\/\/www.webtenerife.de\/dasblog\/wp-content\/uploads\/2012\/07\/restaurante-gran-hotel-Mencey-300x300.jpg\" alt=\"Teneriffa Gran Hotel Mencey\" width=\"300\" height=\"300\" srcset=\"https:\/\/www.webtenerife.de\/dasblog\/wp-content\/uploads\/2012\/07\/restaurante-gran-hotel-Mencey-300x300.jpg 300w, https:\/\/www.webtenerife.de\/dasblog\/wp-content\/uploads\/2012\/07\/restaurante-gran-hotel-Mencey-150x150.jpg 150w, https:\/\/www.webtenerife.de\/dasblog\/wp-content\/uploads\/2012\/07\/restaurante-gran-hotel-Mencey.jpg 612w\" sizes=\"(max-width: 300px) 100vw, 300px\" \/><\/a><figcaption id=\"caption-attachment-1024\" class=\"wp-caption-text\">Teneriffa Gran Hotel Mencey<\/figcaption><\/figure>\n<p style=\"text-align: left;\"><a href=\"http:\/\/www.webtenerife.de\/dasblog\/wp-content\/uploads\/2012\/07\/Iberostar-gran-hotel-mencey.jpg\"><img decoding=\"async\" class=\"aligncenter size-medium wp-image-1025\" title=\"Iberostar-gran-hotel-mencey\" src=\"http:\/\/www.webtenerife.de\/dasblog\/wp-content\/uploads\/2012\/07\/Iberostar-gran-hotel-mencey-300x300.jpg\" alt=\"Iberostar-Gran-hotel-Mencey\" width=\"300\" height=\"300\" srcset=\"https:\/\/www.webtenerife.de\/dasblog\/wp-content\/uploads\/2012\/07\/Iberostar-gran-hotel-mencey-300x300.jpg 300w, https:\/\/www.webtenerife.de\/dasblog\/wp-content\/uploads\/2012\/07\/Iberostar-gran-hotel-mencey-150x150.jpg 150w, https:\/\/www.webtenerife.de\/dasblog\/wp-content\/uploads\/2012\/07\/Iberostar-gran-hotel-mencey.jpg 612w\" sizes=\"(max-width: 300px) 100vw, 300px\" \/><\/a><\/p>\n<p style=\"text-align: center;\" dir=\"ltr\"><strong>El Rinc\u00f3n de Juan Carlos \u2013 Los Gigantes<\/strong><\/p>\n<p>Obwohl der Eigent\u00fcmer dieses Restaurants nicht damit angibt, ist er doch sehr stolz wenn man ihn daran erinnert das er den Preis <strong>\u201cBestes Restaurant der Kanarischen Inseln\u201d<\/strong> gewonnen hat.<\/p>\n<p>Diese Auszeichnung ist nicht kostenlos. Das Restaurant, welches sich in der Innenstadt von Los Gigantes befindet, ist h\u00f6chstwahrscheinlich das gr\u00f6\u00dfte und beh\u00fcteste Gastro-Geheimnis der Insel.<\/p>\n<p>Mit gro\u03b2en \u00c4hnlichkeiten zwischen der Familien und Professionellen Geschichte, sowie der Familie Roca, ist die K\u00fcche ein weiterer Grund um dieses Restaurant zu besuchen: Unsere G\u00e4ste m\u00fcssen wirklich w\u00fcnschen bei uns zu Abend zu essen, und der Genuss f\u00e4ngt mit der Absicht zu reservieren an.<\/p>\n<p>Juan Carlos glaubt an einer K\u00fcche mit Qualit\u00e4t und kennt die Produkte mit der er arbeitet ganz genau. Einmal ist er in der K\u00fcche, erschafft er Gericht die nur ein K\u00fcnstler kreieren kann. Texturen die an der Grenze liegen, Ger\u00fcche die in der Luft schweben und die zu einem Gastro-Genuss in einer sch\u00f6nsten Ecken von Teneriffa einladen.<\/p>\n<p><a href=\"http:\/\/www.webtenerife.de\/dasblog\/wp-content\/uploads\/2012\/07\/restaurante-el-rincon-de-juan-carlos-los-gigantes1.jpg\"><img decoding=\"async\" class=\"aligncenter size-medium wp-image-1027\" title=\"Restaurant-el-rincon-de-juan-carlos\" src=\"http:\/\/www.webtenerife.de\/dasblog\/wp-content\/uploads\/2012\/07\/restaurante-el-rincon-de-juan-carlos-los-gigantes1-300x225.jpg\" alt=\"El-rincon-de-Juan-Carlos-Teneriffa\" width=\"300\" height=\"225\" srcset=\"https:\/\/www.webtenerife.de\/dasblog\/wp-content\/uploads\/2012\/07\/restaurante-el-rincon-de-juan-carlos-los-gigantes1-300x225.jpg 300w, https:\/\/www.webtenerife.de\/dasblog\/wp-content\/uploads\/2012\/07\/restaurante-el-rincon-de-juan-carlos-los-gigantes1-690x517.jpg 690w, https:\/\/www.webtenerife.de\/dasblog\/wp-content\/uploads\/2012\/07\/restaurante-el-rincon-de-juan-carlos-los-gigantes1.jpg 1000w\" sizes=\"(max-width: 300px) 100vw, 300px\" \/><\/a><\/p>\n<p>Vorspeise aus Auster und Schwarzer Kartoffel Schaum<\/p>\n<p>Er hat keinen Michelin Stern, aber das Niveau seiner K\u00fcche ist ohne Zweifel einer zwei oder drei Sterne K\u00fcche.<\/p>\n<p><strong>Mein Vorschlag<\/strong>: Lasse dich \u00fcberraschen und bestelle das Kostproben-Men\u00fc. Du wirst es in deinem Leben nicht vergessen.<\/p>\n<p>Reservierung: <a href=\"http:\/\/www.elrincondejuancarlos.es\/\">http:\/\/www.elrincondejuancarlos.es\/<\/a><\/p>\n<p style=\"text-align: center;\" dir=\"ltr\"><strong>La Laja \u2013 Costa Adeje<\/strong><\/p>\n<figure id=\"attachment_1028\" aria-describedby=\"caption-attachment-1028\" style=\"width: 765px\" class=\"wp-caption aligncenter\"><a href=\"http:\/\/www.webtenerife.de\/dasblog\/wp-content\/uploads\/2012\/07\/Restaurante-la-laja.jpg\"><img loading=\"lazy\" decoding=\"async\" class=\" wp-image-1028 \" title=\"Restaurant-la-laja-Teneriffa\" src=\"http:\/\/www.webtenerife.de\/dasblog\/wp-content\/uploads\/2012\/07\/Restaurante-la-laja.jpg\" alt=\"Restaurant-la-laja-Teneriffa\" width=\"765\" height=\"280\" \/><\/a><figcaption id=\"caption-attachment-1028\" class=\"wp-caption-text\">La Laja-Costa Adeje<\/figcaption><\/figure>\n<p>Restaurant La Laja \u2013 Ein erreichbarer Luxus auf Teneriffa<\/p>\n<p><strong>Exotische Fusion im S\u00fcden von Teneriffa<\/strong><\/p>\n<p>Perfekt f\u00fcr kleine Feiern in Gruppen oder auch zu zweit, in einem Ambiente mit Stil und Geschmack. Dieses Restaurant passt sich allen deinen Anl\u00e4ssen an.<\/p>\n<p>Interessante Sekte und kreative Gerichte ohne gro\u00dfe \u00dcbertreibungen welche in verschiedenen Kulturen inspiriert sind. Autor-K\u00fcche, kreativ und auserw\u00e4hlt welche<\/p>\n<p>La Laja, ein Restaurant mit den Kleinen-Gro\u00dfen Gastronomischen Luxus, der es auch schafft den Anspruchvollsten zu verf\u00fchren.<\/p>\n<p><strong>Reservierung:<\/strong> info@gfhoteles.com<\/p>\n<p>Ich warne dich: <strong>wenn du einmal ein Gericht probiert hast wirst du s\u00fcchtig.<\/strong><\/p>\n<p style=\"text-align: center;\" dir=\"ltr\"><strong>Gran Hotel Bah\u00eda del Duque \u2013 Costa Adeje<\/strong><\/p>\n<p><strong>M\u00f6et Chandom Ice Imperial<\/strong> im Gran Hotel Bah\u00eda del Duque.<\/p>\n<figure id=\"attachment_1029\" aria-describedby=\"caption-attachment-1029\" style=\"width: 212px\" class=\"wp-caption alignleft\"><a href=\"http:\/\/www.webtenerife.de\/dasblog\/wp-content\/uploads\/2012\/07\/moet-Chandom-ice-imperial-en-Tenerife.jpg\"><img loading=\"lazy\" decoding=\"async\" class=\"size-medium wp-image-1029\" title=\"moet-Chandom-ice-imperial-auf-Teneriffa\" src=\"http:\/\/www.webtenerife.de\/dasblog\/wp-content\/uploads\/2012\/07\/moet-Chandom-ice-imperial-en-Tenerife-212x300.jpg\" alt=\"Moet-Chandom-Ice-Imperial-auf-Teneriffa\" width=\"212\" height=\"300\" srcset=\"https:\/\/www.webtenerife.de\/dasblog\/wp-content\/uploads\/2012\/07\/moet-Chandom-ice-imperial-en-Tenerife-212x300.jpg 212w, https:\/\/www.webtenerife.de\/dasblog\/wp-content\/uploads\/2012\/07\/moet-Chandom-ice-imperial-en-Tenerife-690x975.jpg 690w, https:\/\/www.webtenerife.de\/dasblog\/wp-content\/uploads\/2012\/07\/moet-Chandom-ice-imperial-en-Tenerife.jpg 724w\" sizes=\"(max-width: 212px) 100vw, 212px\" \/><\/a><figcaption id=\"caption-attachment-1029\" class=\"wp-caption-text\">M\u00f6et Chandom Ice imperial auff Bah\u00eda del Duque<\/figcaption><\/figure>\n<p>&nbsp;<\/p>\n<p>Der Luxus erreicht in diesem Hotel sein H\u00f6chstmass.<\/p>\n<p>Die Auswahl kann sehr schwer fallen wenn dich so viele Versuchungen und Vorschl\u00e4ge einwickeln, welche das Sublime grenzen und wo das Detail mit der h\u00f6chsten Sorgfalt geh\u00fctet wird.<\/p>\n<p><strong><a title=\"Bahia del Duque\" href=\"http:\/\/www.webtenerife.de\/unterkunfte\/hotels\/gran+hotel+bahia+del+duque.htm\" target=\"_blank\">Bahia del Duque<\/a><\/strong> setzt auf das Exklusive, und ist der einzigste Ort auf der Insel wo du den M\u00f6et &amp; Chandom Ice Imperial genie\u03b2en kannst. Ein Elite \u2013 Champagner den man personalisieren und zum Beispiel Grapefruit Schale, frische Minzbl\u00e4tter oder auch Gurke hinzuf\u00fcgen kann, serviert in gro\u03b2en Gl\u00e4ssern im Cabarnet Stil, gef\u00fcllt mit Eis.<\/p>\n<p>Sommer-N\u00e4chte auf der<strong> M\u00f6et &amp; Chandom Terrasse<\/strong> sind ein Muss und welche du auf Teneriffa bestimmt nicht verpassen m\u00f6chtest.<\/p>\n","protected":false},"excerpt":{"rendered":"<p>Ein Moment, eine Caprice, ein Exzess, ein spezieller Moment, ein wichtiges Date \u2026 alles dieses verdient einen angebrachten Ort. Wenn du die Gute K\u00fcche magst, einen exzellenten Service und einen besonderen Ort suchst dann solltest du diese Liste auf jeden Fall zur Hand haben: Iberostar Gran Hotel Mencey \u00a0&#8211; Santa [&hellip;]<\/p>\n","protected":false},"author":1,"featured_media":0,"comment_status":"open","ping_status":"open","sticky":false,"template":"","format":"standard","meta":{"footnotes":""},"categories":[57,63,145,1],"tags":[244,235,242,243,229],"class_list":["post-1023","post","type-post","status-publish","format-standard","hentry","category-gastronomie","category-hotels","category-nightlife","category-verschiedenes","tag-costa-adeje","tag-gran-hotel-bahia-del-duque","tag-iberostar-gran-hotel-mencey","tag-restaurant-teneriffa","tag-teneriffa"],"_links":{"self":[{"href":"https:\/\/www.webtenerife.de\/dasblog\/wp-json\/wp\/v2\/posts\/1023","targetHints":{"allow":["GET"]}}],"collection":[{"href":"https:\/\/www.webtenerife.de\/dasblog\/wp-json\/wp\/v2\/posts"}],"about":[{"href":"https:\/\/www.webtenerife.de\/dasblog\/wp-json\/wp\/v2\/types\/post"}],"author":[{"embeddable":true,"href":"https:\/\/www.webtenerife.de\/dasblog\/wp-json\/wp\/v2\/users\/1"}],"replies":[{"embeddable":true,"href":"https:\/\/www.webtenerife.de\/dasblog\/wp-json\/wp\/v2\/comments?post=1023"}],"version-history":[{"count":10,"href":"https:\/\/www.webtenerife.de\/dasblog\/wp-json\/wp\/v2\/posts\/1023\/revisions"}],"predecessor-version":[{"id":1155,"href":"https:\/\/www.webtenerife.de\/dasblog\/wp-json\/wp\/v2\/posts\/1023\/revisions\/1155"}],"wp:attachment":[{"href":"https:\/\/www.webtenerife.de\/dasblog\/wp-json\/wp\/v2\/media?parent=1023"}],"wp:term":[{"taxonomy":"category","embeddable":true,"href":"https:\/\/www.webtenerife.de\/dasblog\/wp-json\/wp\/v2\/categories?post=1023"},{"taxonomy":"post_tag","embeddable":true,"href":"https:\/\/www.webtenerife.de\/dasblog\/wp-json\/wp\/v2\/tags?post=1023"}],"curies":[{"name":"wp","href":"https:\/\/api.w.org\/{rel}","templated":true}]}}